{"id":11157,"date":"2026-08-20T04:21:04","date_gmt":"2026-08-20T07:21:04","guid":{"rendered":"https:\/\/redalwo.org.br\/?p=11157"},"modified":"2026-08-20T04:21:05","modified_gmt":"2026-08-20T07:21:05","slug":"comunicado-aos-socios","status":"publish","type":"post","link":"https:\/\/redalwo.org.br\/?p=11157","title":{"rendered":"COMUNICADO AOS S\u00d3CIOS"},"content":{"rendered":"\n<p>Prezados S\u00f3cios,<\/p>\n\n\n\n<p>Na noite da \u00faltima quarta-feira, dia 12\/08, \u00e0s 19h30, foi realizada, na sede da ARATACA, uma importante reuni\u00e3o que contou com a participa\u00e7\u00e3o da quase totalidade da Diretoria e dos Conselheiros, registrando-se apenas a aus\u00eancia de dois diretores.<\/p>\n\n\n\n<p>Dentre os diversos assuntos apresentados e discutidos, como os problemas relacionados \u00e0 telefonia da REDALWO e os objetivos para o futuro da associa\u00e7\u00e3o, destacamos a an\u00e1lise e consulta aos presentes sobre a possibilidade de venda do nosso im\u00f3vel.<\/p>\n\n\n\n<p>Lembramos que uma eventual venda somente poderia ser efetivada mediante a realiza\u00e7\u00e3o de duas Assembleias Gerais, com a participa\u00e7\u00e3o e aprova\u00e7\u00e3o dos associados presentes, conforme previsto em nosso estatuto.<\/p>\n\n\n\n<p>Ap\u00f3s as explana\u00e7\u00f5es, esclarecimentos e debates, foi realizada uma consulta individual a cada um dos presentes, sendo a proposta rejeitada por ampla maioria dos votos.<\/p>\n\n\n\n<p>Agradecemos a presen\u00e7a e a participa\u00e7\u00e3o de todos que compareceram e contribu\u00edram para mais esse importante momento de di\u00e1logo e decis\u00e3o.<\/p>\n\n\n\n<p>Uma REDALWO unida, participativa e democr\u00e1tica \u00e9 o que almejamos!<\/p>\n\n\n\n<p>Abra\u00e7os,<\/p>\n\n\n\n<p>Diretoria da REDALWO<\/p>\n","protected":false},"excerpt":{"rendered":"<p>Prezados S\u00f3cios, Na noite da \u00faltima quarta-feira, dia 12\/08, \u00e0s 19h30, foi realizada, na sede da ARATACA, uma importante reuni\u00e3o que contou com a participa\u00e7\u00e3o da quase totalidade da Diretoria e dos Conselheiros, registrando-se apenas a aus\u00eancia de dois diretores. Dentre os diversos assuntos apresentados e discutidos, como os problemas relacionados \u00e0 telefonia da REDALWO [&hellip;]<\/p>\n","protected":false},"author":132,"featured_media":11158,"comment_status":"closed","ping_status":"open","sticky":false,"template":"","format":"standard","meta":{"_acf_changed":false,"footnotes":""},"categories":[1],"tags":[],"class_list":["post-11157","post","type-post","status-publish","format-standard","has-post-thumbnail","hentry","category-uncategorized"],"acf":[],"_links":{"self":[{"href":"https:\/\/redalwo.org.br\/index.php?rest_route=\/wp\/v2\/posts\/11157","targetHints":{"allow":["GET"]}}],"collection":[{"href":"https:\/\/redalwo.org.br\/index.php?rest_route=\/wp\/v2\/posts"}],"about":[{"href":"https:\/\/redalwo.org.br\/index.php?rest_route=\/wp\/v2\/types\/post"}],"author":[{"embeddable":true,"href":"https:\/\/redalwo.org.br\/index.php?rest_route=\/wp\/v2\/users\/132"}],"replies":[{"embeddable":true,"href":"https:\/\/redalwo.org.br\/index.php?rest_route=%2Fwp%2Fv2%2Fcomments&post=11157"}],"version-history":[{"count":2,"href":"https:\/\/redalwo.org.br\/index.php?rest_route=\/wp\/v2\/posts\/11157\/revisions"}],"predecessor-version":[{"id":11160,"href":"https:\/\/redalwo.org.br\/index.php?rest_route=\/wp\/v2\/posts\/11157\/revisions\/11160"}],"wp:featuredmedia":[{"embeddable":true,"href":"https:\/\/redalwo.org.br\/index.php?rest_route=\/wp\/v2\/media\/11158"}],"wp:attachment":[{"href":"https:\/\/redalwo.org.br\/index.php?rest_route=%2Fwp%2Fv2%2Fmedia&parent=11157"}],"wp:term":[{"taxonomy":"category","embeddable":true,"href":"https:\/\/redalwo.org.br\/index.php?rest_route=%2Fwp%2Fv2%2Fcategories&post=11157"},{"taxonomy":"post_tag","embeddable":true,"href":"https:\/\/redalwo.org.br\/index.php?rest_route=%2Fwp%2Fv2%2Ftags&post=11157"}],"curies":[{"name":"wp","href":"https:\/\/api.w.org\/{rel}","templated":true}]}}